{"id":430,"date":"2023-01-10T21:28:37","date_gmt":"2023-01-11T00:28:37","guid":{"rendered":"https:\/\/seru.uy\/seru\/?p=430"},"modified":"2023-01-10T21:30:29","modified_gmt":"2023-01-11T00:30:29","slug":"voluntaria-de-seru-apoyando-a-la-comision-de-vecinos-de-santiago-vazquez","status":"publish","type":"post","link":"https:\/\/seru.uy\/seru\/2023\/01\/10\/voluntaria-de-seru-apoyando-a-la-comision-de-vecinos-de-santiago-vazquez\/","title":{"rendered":"Voluntaria de SERU apoyando a la Comisi\u00f3n de Vecinos de Santiago V\u00e1zquez"},"content":{"rendered":"<p style=\"text-align: justify;\">En una entrevista a la Comisi\u00f3n de Vecinos de Santiago V\u00e1zquez afirmaron que \u201cLa potencialidad del pueblo emana de su gente\u201d.<\/p>\n<p style=\"text-align: justify;\">Para contribuir y sumar esfuerzos, la integrante de SERU Sra. Carol Santos integra la comisi\u00f3n, con el fin de aportar ideas que permitan cumplir con los objetivos uniendo cada d\u00eda m\u00e1s a todos los vecinos de tan hermoso lugar a orillas del R\u00edo Santa Luc\u00eda.<\/p>\n<p style=\"text-align: justify;\">Agradecemos los esfuerzos y los aportes que ella realiza, e invitamos a que todo integrante de SERU pueda participar en las agrupaciones de vecinos, consejos vecinales, y en todo lugar donde se pueda aportar ideas para el cuidado de las personas en el lugar donde vivimos.<\/p>\n<p style=\"text-align: justify;\">\n","protected":false},"excerpt":{"rendered":"<p>En una entrevista a la Comisi\u00f3n de Vecinos de Santiago V\u00e1zquez afirmaron que \u201cLa potencialidad del pueblo emana de su gente\u201d. Para contribuir y sumar esfuerzos, la integrante de SERU Sra. Carol Santos integra la comisi\u00f3n, con el fin de aportar ideas que permitan cumplir con los objetivos uniendo cada d\u00eda m\u00e1s a todos los [&hellip;]<\/p>\n","protected":false},"author":1,"featured_media":431,"comment_status":"open","ping_status":"open","sticky":false,"template":"","format":"standard","meta":{"pagelayer_contact_templates":[],"_pagelayer_content":"","footnotes":""},"categories":[3],"tags":[],"class_list":["post-430","post","type-post","status-publish","format-standard","has-post-thumbnail","hentry","category-noticias"],"_links":{"self":[{"href":"https:\/\/seru.uy\/seru\/wp-json\/wp\/v2\/posts\/430","targetHints":{"allow":["GET"]}}],"collection":[{"href":"https:\/\/seru.uy\/seru\/wp-json\/wp\/v2\/posts"}],"about":[{"href":"https:\/\/seru.uy\/seru\/wp-json\/wp\/v2\/types\/post"}],"author":[{"embeddable":true,"href":"https:\/\/seru.uy\/seru\/wp-json\/wp\/v2\/users\/1"}],"replies":[{"embeddable":true,"href":"https:\/\/seru.uy\/seru\/wp-json\/wp\/v2\/comments?post=430"}],"version-history":[{"count":2,"href":"https:\/\/seru.uy\/seru\/wp-json\/wp\/v2\/posts\/430\/revisions"}],"predecessor-version":[{"id":433,"href":"https:\/\/seru.uy\/seru\/wp-json\/wp\/v2\/posts\/430\/revisions\/433"}],"wp:featuredmedia":[{"embeddable":true,"href":"https:\/\/seru.uy\/seru\/wp-json\/wp\/v2\/media\/431"}],"wp:attachment":[{"href":"https:\/\/seru.uy\/seru\/wp-json\/wp\/v2\/media?parent=430"}],"wp:term":[{"taxonomy":"category","embeddable":true,"href":"https:\/\/seru.uy\/seru\/wp-json\/wp\/v2\/categories?post=430"},{"taxonomy":"post_tag","embeddable":true,"href":"https:\/\/seru.uy\/seru\/wp-json\/wp\/v2\/tags?post=430"}],"curies":[{"name":"wp","href":"https:\/\/api.w.org\/{rel}","templated":true}]}}