{"id":461,"date":"2023-02-09T21:08:44","date_gmt":"2023-02-10T00:08:44","guid":{"rendered":"https:\/\/seru.uy\/seru\/?p=461"},"modified":"2023-02-09T21:13:11","modified_gmt":"2023-02-10T00:13:11","slug":"seru-presento-su-plan-de-trabajo-2023-ante-municipio-de-ciudad-del-plata","status":"publish","type":"post","link":"https:\/\/seru.uy\/seru\/2023\/02\/09\/seru-presento-su-plan-de-trabajo-2023-ante-municipio-de-ciudad-del-plata\/","title":{"rendered":"SERU present\u00f3 su plan de trabajo 2023 ante Municipio de Ciudad del Plata"},"content":{"rendered":"<p style=\"text-align: justify;\">\u00a0\u00a0\u00a0\u00a0\u00a0 Con la presencia de la Sra. Alcalde de Ciudad del Plata, Se\u00f1ora Marianita Fonseca y el equipo de Concejales, se present\u00f3 el plan de trabajo local y nacional del Servicio de Emergencia de Radioaficionados de Uruguay.<\/p>\n<p style=\"text-align: justify;\">\u00a0\u00a0\u00a0\u00a0\u00a0 Dicho Municipio ha realizado un gran trabajo para actuar frente a las emergencias, y se espera poder colaborar desde SERU tanto en las etapas de preparaci\u00f3n y capacitaci\u00f3n, as\u00ed como en el mantenimiento de las comunicaciones durante la emergencia y en la etapa de recuperaci\u00f3n.<\/p>\n<p style=\"text-align: justify;\">\u00a0\u00a0\u00a0\u00a0 Asimismo se acord\u00f3 que SERU ser\u00e1 tenido en cuenta en las pr\u00f3ximas reuniones de coordinaci\u00f3n con vista a futuros simulacros locales.<\/p>\n<p style=\"text-align: justify;\">\u00a0\u00a0\u00a0\u00a0 Es de destacar que en Ciudad del Plata opera el CAT (Centro de Alerta Temprana del departamento de San Jos\u00e9) de SERU, con el fin de monitorear los riesgos que puedan afectar a la zona y a todo el Departamento.<\/p>\n<p>&nbsp;<\/p>\n<p>&nbsp;<\/p>\n<p>&nbsp;<\/p>\n<p>&nbsp;<\/p>\n<p>&nbsp;<\/p>\n<p>&nbsp;<\/p>\n<p>&nbsp;<\/p>\n<p>&nbsp;<\/p>\n<p>&nbsp;<\/p>\n<p>&nbsp;<\/p>\n<p>&nbsp;<\/p>\n<p>&nbsp;<\/p>\n<p>&nbsp;<\/p>\n<p>&nbsp;<\/p>\n<p>&nbsp;<\/p>\n<p>&nbsp;<\/p>\n<p>&nbsp;<\/p>\n<p>&nbsp;<\/p>\n<p>&nbsp;<\/p>\n<p>&nbsp;<\/p>\n<p>&nbsp;<\/p>\n<p>&nbsp;<\/p>\n<p>&nbsp;<\/p>\n<p>&nbsp;<\/p>\n<p>&nbsp;<\/p>\n<p>&nbsp;<\/p>\n<p>&nbsp;<\/p>\n<p>&nbsp;<\/p>\n<p>&nbsp;<\/p>\n<p>&nbsp;<\/p>\n<p>&nbsp;<\/p>\n<p>&nbsp;<\/p>\n","protected":false},"excerpt":{"rendered":"<p>\u00a0\u00a0\u00a0\u00a0\u00a0 Con la presencia de la Sra. Alcalde de Ciudad del Plata, Se\u00f1ora Marianita Fonseca y el equipo de Concejales, se present\u00f3 el plan de trabajo local y nacional del Servicio de Emergencia de Radioaficionados de Uruguay. \u00a0\u00a0\u00a0\u00a0\u00a0 Dicho Municipio ha realizado un gran trabajo para actuar frente a las emergencias, y se espera poder [&hellip;]<\/p>\n","protected":false},"author":1,"featured_media":462,"comment_status":"open","ping_status":"open","sticky":false,"template":"","format":"standard","meta":{"pagelayer_contact_templates":[],"_pagelayer_content":"","footnotes":""},"categories":[3],"tags":[],"class_list":["post-461","post","type-post","status-publish","format-standard","has-post-thumbnail","hentry","category-noticias"],"_links":{"self":[{"href":"https:\/\/seru.uy\/seru\/wp-json\/wp\/v2\/posts\/461","targetHints":{"allow":["GET"]}}],"collection":[{"href":"https:\/\/seru.uy\/seru\/wp-json\/wp\/v2\/posts"}],"about":[{"href":"https:\/\/seru.uy\/seru\/wp-json\/wp\/v2\/types\/post"}],"author":[{"embeddable":true,"href":"https:\/\/seru.uy\/seru\/wp-json\/wp\/v2\/users\/1"}],"replies":[{"embeddable":true,"href":"https:\/\/seru.uy\/seru\/wp-json\/wp\/v2\/comments?post=461"}],"version-history":[{"count":6,"href":"https:\/\/seru.uy\/seru\/wp-json\/wp\/v2\/posts\/461\/revisions"}],"predecessor-version":[{"id":468,"href":"https:\/\/seru.uy\/seru\/wp-json\/wp\/v2\/posts\/461\/revisions\/468"}],"wp:featuredmedia":[{"embeddable":true,"href":"https:\/\/seru.uy\/seru\/wp-json\/wp\/v2\/media\/462"}],"wp:attachment":[{"href":"https:\/\/seru.uy\/seru\/wp-json\/wp\/v2\/media?parent=461"}],"wp:term":[{"taxonomy":"category","embeddable":true,"href":"https:\/\/seru.uy\/seru\/wp-json\/wp\/v2\/categories?post=461"},{"taxonomy":"post_tag","embeddable":true,"href":"https:\/\/seru.uy\/seru\/wp-json\/wp\/v2\/tags?post=461"}],"curies":[{"name":"wp","href":"https:\/\/api.w.org\/{rel}","templated":true}]}}