{"id":472,"date":"2023-02-13T15:39:28","date_gmt":"2023-02-13T18:39:28","guid":{"rendered":"https:\/\/seru.uy\/seru\/?p=472"},"modified":"2023-02-13T16:17:51","modified_gmt":"2023-02-13T19:17:51","slug":"coordinador-departamental-de-rivera-visita-a-jefe-de-policia","status":"publish","type":"post","link":"https:\/\/seru.uy\/seru\/2023\/02\/13\/coordinador-departamental-de-rivera-visita-a-jefe-de-policia\/","title":{"rendered":"Coordinador Departamental de Rivera visita a Jefe de Polic\u00eda"},"content":{"rendered":"<p style=\"text-align: justify;\">\u00a0\u00a0\u00a0\u00a0\u00a0 El el d\u00eda de hoy el Sr. Carlos Mazzuco CX2PB en su calidad de Coordinador Departamental de SERU, fue recibido por el Jefe de Polic\u00eda de Rivera Comisario General (R) Wilfredo Rodr\u00edguez Carballo, con el fin de dar a conocer las actividades que realiza tanto a nivel nacional como departamental el Servicio de Emergencia de Radioaficionados.<\/p>\n<p style=\"text-align: justify;\">El CAT (Centro de Alerta Temprana) de Rivera en coordinaci\u00f3n con las autoridades locales, puede apoyar en las tareas de preparaci\u00f3n para las emergencias realizando la microzonificaci\u00f3n de riesgos y recursos, as\u00ed como en la capacitaci\u00f3n del voluntariado.<\/p>\n<p style=\"text-align: justify;\">Asimismo durante una emergencia podr\u00e1 mantener las comunicaciones para recibir y enviar informaci\u00f3n relevante, como tambi\u00e9n ayudar en la confirmaci\u00f3n de informaci\u00f3n recibida por otros medios.<\/p>\n<p style=\"text-align: justify;\">Un sistema de comunicaciones de radioaficionados es eficiente para las emergencias, y seguir\u00e1 operativo a\u00fan sin energ\u00eda el\u00e9ctrica y sin depender de las redes telef\u00f3nicas, celulares o internet.<\/p>\n<p style=\"text-align: justify;\">El Servicio de Emergencia de Radioaficionados de Uruguay agradece al Se\u00f1or Jefe de Polic\u00eda de Rivera por el tiempo dedicado a \u00e9sta reuni\u00f3n.<\/p>\n","protected":false},"excerpt":{"rendered":"<p>\u00a0\u00a0\u00a0\u00a0\u00a0 El el d\u00eda de hoy el Sr. Carlos Mazzuco CX2PB en su calidad de Coordinador Departamental de SERU, fue recibido por el Jefe de Polic\u00eda de Rivera Comisario General (R) Wilfredo Rodr\u00edguez Carballo, con el fin de dar a conocer las actividades que realiza tanto a nivel nacional como departamental el Servicio de Emergencia [&hellip;]<\/p>\n","protected":false},"author":1,"featured_media":473,"comment_status":"open","ping_status":"open","sticky":false,"template":"","format":"standard","meta":{"pagelayer_contact_templates":[],"_pagelayer_content":"","footnotes":""},"categories":[3],"tags":[],"class_list":["post-472","post","type-post","status-publish","format-standard","has-post-thumbnail","hentry","category-noticias"],"_links":{"self":[{"href":"https:\/\/seru.uy\/seru\/wp-json\/wp\/v2\/posts\/472","targetHints":{"allow":["GET"]}}],"collection":[{"href":"https:\/\/seru.uy\/seru\/wp-json\/wp\/v2\/posts"}],"about":[{"href":"https:\/\/seru.uy\/seru\/wp-json\/wp\/v2\/types\/post"}],"author":[{"embeddable":true,"href":"https:\/\/seru.uy\/seru\/wp-json\/wp\/v2\/users\/1"}],"replies":[{"embeddable":true,"href":"https:\/\/seru.uy\/seru\/wp-json\/wp\/v2\/comments?post=472"}],"version-history":[{"count":5,"href":"https:\/\/seru.uy\/seru\/wp-json\/wp\/v2\/posts\/472\/revisions"}],"predecessor-version":[{"id":478,"href":"https:\/\/seru.uy\/seru\/wp-json\/wp\/v2\/posts\/472\/revisions\/478"}],"wp:featuredmedia":[{"embeddable":true,"href":"https:\/\/seru.uy\/seru\/wp-json\/wp\/v2\/media\/473"}],"wp:attachment":[{"href":"https:\/\/seru.uy\/seru\/wp-json\/wp\/v2\/media?parent=472"}],"wp:term":[{"taxonomy":"category","embeddable":true,"href":"https:\/\/seru.uy\/seru\/wp-json\/wp\/v2\/categories?post=472"},{"taxonomy":"post_tag","embeddable":true,"href":"https:\/\/seru.uy\/seru\/wp-json\/wp\/v2\/tags?post=472"}],"curies":[{"name":"wp","href":"https:\/\/api.w.org\/{rel}","templated":true}]}}