{"id":521,"date":"2023-03-22T21:15:32","date_gmt":"2023-03-23T00:15:32","guid":{"rendered":"https:\/\/seru.uy\/seru\/?p=521"},"modified":"2023-03-22T21:15:32","modified_gmt":"2023-03-23T00:15:32","slug":"fallecimiento-de-alvaro-de-armas-cx1abm","status":"publish","type":"post","link":"https:\/\/seru.uy\/seru\/2023\/03\/22\/fallecimiento-de-alvaro-de-armas-cx1abm\/","title":{"rendered":"Fallecimiento de \u00c1lvaro De Armas CX1ABM"},"content":{"rendered":"<p style=\"text-align: justify;\">Agradecemos a todos los voluntarios y amigos del Servicio de Emergencia de Radioaficionados del Uruguay, por los saludos y muestras de afecto que han enviado con motivo del fallecimiento de nuestro amigo, colega y secretario \u00c1lvaro De Armas CX1ABM en d\u00eda 21 de Marzo pasado.<\/p>\n<p style=\"text-align: justify;\">Su legado est\u00e1 lleno de muestras de generosidad y ayuda, de amistad desinteresada, y de superaci\u00f3n constante durante toda una vida con problemas de salud, demostrando que a\u00fan las peores dificultades no son obst\u00e1culo para tener una actitud positiva y de servicio a los dem\u00e1s en la vida.<\/p>\n<p>Su trabajo en SERU desde 2013 fue constante, siempre con la visi\u00f3n de unir a todos los Uruguayos desde la radio y la comunicaci\u00f3n, es especial, en la preparaci\u00f3n frente a las emergencias.<\/p>\n<p>CX1ABM, hasta que nos volvamos a ver.<\/p>\n<p>73, CX5AL<\/p>\n<p>&nbsp;<\/p>\n<p>&nbsp;<\/p>\n<p>&nbsp;<\/p>\n","protected":false},"excerpt":{"rendered":"<p>Agradecemos a todos los voluntarios y amigos del Servicio de Emergencia de Radioaficionados del Uruguay, por los saludos y muestras de afecto que han enviado con motivo del fallecimiento de nuestro amigo, colega y secretario \u00c1lvaro De Armas CX1ABM en d\u00eda 21 de Marzo pasado. Su legado est\u00e1 lleno de muestras de generosidad y ayuda, [&hellip;]<\/p>\n","protected":false},"author":1,"featured_media":522,"comment_status":"open","ping_status":"open","sticky":false,"template":"","format":"standard","meta":{"pagelayer_contact_templates":[],"_pagelayer_content":"","footnotes":""},"categories":[3],"tags":[],"class_list":["post-521","post","type-post","status-publish","format-standard","has-post-thumbnail","hentry","category-noticias"],"_links":{"self":[{"href":"https:\/\/seru.uy\/seru\/wp-json\/wp\/v2\/posts\/521","targetHints":{"allow":["GET"]}}],"collection":[{"href":"https:\/\/seru.uy\/seru\/wp-json\/wp\/v2\/posts"}],"about":[{"href":"https:\/\/seru.uy\/seru\/wp-json\/wp\/v2\/types\/post"}],"author":[{"embeddable":true,"href":"https:\/\/seru.uy\/seru\/wp-json\/wp\/v2\/users\/1"}],"replies":[{"embeddable":true,"href":"https:\/\/seru.uy\/seru\/wp-json\/wp\/v2\/comments?post=521"}],"version-history":[{"count":1,"href":"https:\/\/seru.uy\/seru\/wp-json\/wp\/v2\/posts\/521\/revisions"}],"predecessor-version":[{"id":523,"href":"https:\/\/seru.uy\/seru\/wp-json\/wp\/v2\/posts\/521\/revisions\/523"}],"wp:featuredmedia":[{"embeddable":true,"href":"https:\/\/seru.uy\/seru\/wp-json\/wp\/v2\/media\/522"}],"wp:attachment":[{"href":"https:\/\/seru.uy\/seru\/wp-json\/wp\/v2\/media?parent=521"}],"wp:term":[{"taxonomy":"category","embeddable":true,"href":"https:\/\/seru.uy\/seru\/wp-json\/wp\/v2\/categories?post=521"},{"taxonomy":"post_tag","embeddable":true,"href":"https:\/\/seru.uy\/seru\/wp-json\/wp\/v2\/tags?post=521"}],"curies":[{"name":"wp","href":"https:\/\/api.w.org\/{rel}","templated":true}]}}