{"id":648,"date":"2024-02-21T10:00:02","date_gmt":"2024-02-21T13:00:02","guid":{"rendered":"https:\/\/seru.uy\/seru\/?p=648"},"modified":"2024-02-22T21:27:49","modified_gmt":"2024-02-23T00:27:49","slug":"llamado-a-asamblea-general-ordinaria-2024","status":"publish","type":"post","link":"https:\/\/seru.uy\/seru\/2024\/02\/21\/llamado-a-asamblea-general-ordinaria-2024\/","title":{"rendered":"Llamado a Asamblea General Ordinaria 2024"},"content":{"rendered":"\r\n\r\n\r\n\r\n\r\n\r\n\r\n<p style=\"text-align: justify;\">El Consejo Directivo del Servicio de Emergencia de Radioaficionados de Uruguay, cumpliendo con los art\u00edculos 11\u00ba y 12\u00ba de sus estatutos, convoca a sus asociados a la Asamblea General Ordinaria a realizarse el d\u00eda Mi\u00e9rcoles 28 de febrero de 2023 a las 18:00 horas. Se enviar\u00e1 link para la videoconferencia el mismo d\u00eda.<\/p>\r\n\r\n\r\n\r\n<p style=\"text-align: justify;\">\u00a0<\/p>\r\n\r\n\r\n\r\n<p style=\"text-align: justify;\"><span style=\"text-decoration: underline;\">Orden del D\u00eda<\/span>:<\/p>\r\n<p style=\"text-align: justify;\">Consideraci\u00f3n del Acta anterior<\/p>\r\n\r\n\r\n\r\n<p style=\"text-align: justify;\">Memoria Anual Ejercicio 2023<\/p>\r\n\r\n\r\n\r\n<p style=\"text-align: justify;\">Estados Contables Ejercicio 2023<\/p>\r\n\r\n\r\n\r\n<p style=\"text-align: justify;\">Actividades para el nuevo ejercicio 2024<\/p>\r\n<p style=\"text-align: justify;\">\u00a0<\/p>\r\n\r\n\r\n\r\n<p style=\"text-align: justify;\">\u00a0<\/p>\r\n\r\n\r\n\r\n<p style=\"text-align: justify;\">Fernando Piazzetta &#8211; Presidente<\/p>\r\n<p style=\"text-align: justify;\">Antonio Mignone &#8211; Secretario<\/p>\r\n\r\n<p>&nbsp;<\/p>","protected":false},"excerpt":{"rendered":"<p>&nbsp;<\/p>\n","protected":false},"author":1,"featured_media":645,"comment_status":"closed","ping_status":"closed","sticky":false,"template":"","format":"standard","meta":{"pagelayer_contact_templates":[],"_pagelayer_content":"","footnotes":""},"categories":[4],"tags":[],"class_list":["post-648","post","type-post","status-publish","format-standard","has-post-thumbnail","hentry","category-reuniones"],"_links":{"self":[{"href":"https:\/\/seru.uy\/seru\/wp-json\/wp\/v2\/posts\/648","targetHints":{"allow":["GET"]}}],"collection":[{"href":"https:\/\/seru.uy\/seru\/wp-json\/wp\/v2\/posts"}],"about":[{"href":"https:\/\/seru.uy\/seru\/wp-json\/wp\/v2\/types\/post"}],"author":[{"embeddable":true,"href":"https:\/\/seru.uy\/seru\/wp-json\/wp\/v2\/users\/1"}],"replies":[{"embeddable":true,"href":"https:\/\/seru.uy\/seru\/wp-json\/wp\/v2\/comments?post=648"}],"version-history":[{"count":5,"href":"https:\/\/seru.uy\/seru\/wp-json\/wp\/v2\/posts\/648\/revisions"}],"predecessor-version":[{"id":654,"href":"https:\/\/seru.uy\/seru\/wp-json\/wp\/v2\/posts\/648\/revisions\/654"}],"wp:featuredmedia":[{"embeddable":true,"href":"https:\/\/seru.uy\/seru\/wp-json\/wp\/v2\/media\/645"}],"wp:attachment":[{"href":"https:\/\/seru.uy\/seru\/wp-json\/wp\/v2\/media?parent=648"}],"wp:term":[{"taxonomy":"category","embeddable":true,"href":"https:\/\/seru.uy\/seru\/wp-json\/wp\/v2\/categories?post=648"},{"taxonomy":"post_tag","embeddable":true,"href":"https:\/\/seru.uy\/seru\/wp-json\/wp\/v2\/tags?post=648"}],"curies":[{"name":"wp","href":"https:\/\/api.w.org\/{rel}","templated":true}]}}